{"id":179,"date":"2026-01-17T15:35:22","date_gmt":"2026-01-17T15:35:22","guid":{"rendered":"https:\/\/periodicoelavante.com\/index.php\/2026\/01\/17\/el-cosmos-y-la-lucha-de-clases-un-respiro-financiero-para-cancer-y-leo\/"},"modified":"2026-01-17T15:35:22","modified_gmt":"2026-01-17T15:35:22","slug":"el-cosmos-y-la-lucha-de-clases-un-respiro-financiero-para-cancer-y-leo","status":"publish","type":"post","link":"https:\/\/periodicoelavante.com\/index.php\/2026\/01\/17\/el-cosmos-y-la-lucha-de-clases-un-respiro-financiero-para-cancer-y-leo\/","title":{"rendered":"El Cosmos y la Lucha de Clases: \u00bfUn Respiro Financiero para C\u00e1ncer y Leo?"},"content":{"rendered":"<p>Camaradas, mientras el neoliberalismo agoniza y la Cuarta Transformaci\u00f3n avanza, incluso el universo parece conspirar a favor del pueblo. Seg\u00fan los astros, C\u00e1ncer y Leo, signos marcados por la sensibilidad y el liderazgo respectivamente, podr\u00edan recibir un ingreso extra antes del 19 de enero. <\/p>\n<p>Analicemos esto desde una perspectiva materialista dial\u00e9ctica. \u00bfEs acaso una casualidad c\u00f3smica? No lo creo. Es la energ\u00eda del cambio, la fuerza de la justicia social que se abre paso en el tejido mismo del universo. Este &#8216;dinero extra&#8217; podr\u00eda significar un alivio para familias trabajadoras, un peque\u00f1o impulso para emprendedores honestos, una herramienta para combatir la desigualdad que tanto da\u00f1o ha causado a nuestra naci\u00f3n.<\/p>\n<p>Pero \u00a1ojo!, no caigamos en la trampa del consumismo exacerbado. Este dinero extra debe ser utilizado con conciencia de clase, invirtiendo en el bienestar colectivo, apoyando la econom\u00eda local y fortaleciendo la base de nuestra sociedad. Recordemos las palabras del Presidente: &#8216;Por el bien de todos, primero los pobres&#8217;.<\/p>\n<p>Sigamos trabajando, construyendo un M\u00e9xico m\u00e1s justo y equitativo. Y si el cosmos nos sonr\u00ede con un peque\u00f1o empuj\u00f3n financiero, \u00a1aprovech\u00e9moslo para el bien com\u00fan!<\/p>\n","protected":false},"excerpt":{"rendered":"<p>Jairo Ibarra analiza el hor\u00f3scopo desde la perspectiva de la 4T y la lucha de clases. \u00bfC\u00e1ncer y Leo recibir\u00e1n dinero extra? Un respiro financiero que debe ser invertido con conciencia social y en pro del bienestar colectivo.<\/p>\n","protected":false},"author":2,"featured_media":178,"comment_status":"open","ping_status":"closed","sticky":false,"template":"","format":"standard","meta":{"colormag_page_container_layout":"default_layout","colormag_page_sidebar_layout":"default_layout","footnotes":""},"categories":[1],"tags":[],"class_list":["post-179","post","type-post","status-publish","format-standard","has-post-thumbnail","hentry","category-uncategorized"],"yoast_head":"<!-- This site is optimized with the Yoast SEO plugin v26.7 - https:\/\/yoast.com\/wordpress\/plugins\/seo\/ -->\n<title>El Cosmos y la Lucha de Clases: \u00bfUn Respiro Financiero para C\u00e1ncer y Leo? - Peri\u00f3dico El Avante<\/title>\n<meta name=\"robots\" content=\"index, follow, max-snippet:-1, max-image-preview:large, max-video-preview:-1\" \/>\n<link rel=\"canonical\" href=\"https:\/\/periodicoelavante.com\/index.php\/2026\/01\/17\/el-cosmos-y-la-lucha-de-clases-un-respiro-financiero-para-cancer-y-leo\/\" \/>\n<meta property=\"og:locale\" content=\"es_ES\" \/>\n<meta property=\"og:type\" content=\"article\" \/>\n<meta property=\"og:title\" content=\"El Cosmos y la Lucha de Clases: \u00bfUn Respiro Financiero para C\u00e1ncer y Leo? - Peri\u00f3dico El Avante\" \/>\n<meta property=\"og:description\" content=\"Jairo Ibarra analiza el hor\u00f3scopo desde la perspectiva de la 4T y la lucha de clases. \u00bfC\u00e1ncer y Leo recibir\u00e1n dinero extra? Un respiro financiero que debe ser invertido con conciencia social y en pro del bienestar colectivo.\" \/>\n<meta property=\"og:url\" content=\"https:\/\/periodicoelavante.com\/index.php\/2026\/01\/17\/el-cosmos-y-la-lucha-de-clases-un-respiro-financiero-para-cancer-y-leo\/\" \/>\n<meta property=\"og:site_name\" content=\"Peri\u00f3dico El Avante\" \/>\n<meta property=\"article:published_time\" content=\"2026-01-17T15:35:22+00:00\" \/>\n<meta name=\"author\" content=\"Periodico El Avante\" \/>\n<meta name=\"twitter:card\" content=\"summary_large_image\" \/>\n<meta name=\"twitter:label1\" content=\"Escrito por\" \/>\n\t<meta name=\"twitter:data1\" content=\"Periodico El Avante\" \/>\n\t<meta name=\"twitter:label2\" content=\"Tiempo de lectura\" \/>\n\t<meta name=\"twitter:data2\" content=\"1 minuto\" \/>\n<script type=\"application\/ld+json\" class=\"yoast-schema-graph\">{\"@context\":\"https:\/\/schema.org\",\"@graph\":[{\"@type\":\"Article\",\"@id\":\"https:\/\/periodicoelavante.com\/index.php\/2026\/01\/17\/el-cosmos-y-la-lucha-de-clases-un-respiro-financiero-para-cancer-y-leo\/#article\",\"isPartOf\":{\"@id\":\"https:\/\/periodicoelavante.com\/index.php\/2026\/01\/17\/el-cosmos-y-la-lucha-de-clases-un-respiro-financiero-para-cancer-y-leo\/\"},\"author\":{\"name\":\"Periodico El Avante\",\"@id\":\"https:\/\/periodicoelavante.com\/#\/schema\/person\/dcd7dfcd62a2834828a29aad28da5ca9\"},\"headline\":\"El Cosmos y la Lucha de Clases: \u00bfUn Respiro Financiero para C\u00e1ncer y Leo?\",\"datePublished\":\"2026-01-17T15:35:22+00:00\",\"mainEntityOfPage\":{\"@id\":\"https:\/\/periodicoelavante.com\/index.php\/2026\/01\/17\/el-cosmos-y-la-lucha-de-clases-un-respiro-financiero-para-cancer-y-leo\/\"},\"wordCount\":217,\"commentCount\":0,\"publisher\":{\"@id\":\"https:\/\/periodicoelavante.com\/#organization\"},\"image\":{\"@id\":\"https:\/\/periodicoelavante.com\/index.php\/2026\/01\/17\/el-cosmos-y-la-lucha-de-clases-un-respiro-financiero-para-cancer-y-leo\/#primaryimage\"},\"thumbnailUrl\":\"https:\/\/periodicoelavante.com\/wp-content\/uploads\/2026\/01\/temp_og-42.jpg\",\"articleSection\":[\"Uncategorized\"],\"inLanguage\":\"es\",\"potentialAction\":[{\"@type\":\"CommentAction\",\"name\":\"Comment\",\"target\":[\"https:\/\/periodicoelavante.com\/index.php\/2026\/01\/17\/el-cosmos-y-la-lucha-de-clases-un-respiro-financiero-para-cancer-y-leo\/#respond\"]}]},{\"@type\":\"WebPage\",\"@id\":\"https:\/\/periodicoelavante.com\/index.php\/2026\/01\/17\/el-cosmos-y-la-lucha-de-clases-un-respiro-financiero-para-cancer-y-leo\/\",\"url\":\"https:\/\/periodicoelavante.com\/index.php\/2026\/01\/17\/el-cosmos-y-la-lucha-de-clases-un-respiro-financiero-para-cancer-y-leo\/\",\"name\":\"El Cosmos y la Lucha de Clases: \u00bfUn Respiro Financiero para C\u00e1ncer y Leo? - Peri\u00f3dico El Avante\",\"isPartOf\":{\"@id\":\"https:\/\/periodicoelavante.com\/#website\"},\"primaryImageOfPage\":{\"@id\":\"https:\/\/periodicoelavante.com\/index.php\/2026\/01\/17\/el-cosmos-y-la-lucha-de-clases-un-respiro-financiero-para-cancer-y-leo\/#primaryimage\"},\"image\":{\"@id\":\"https:\/\/periodicoelavante.com\/index.php\/2026\/01\/17\/el-cosmos-y-la-lucha-de-clases-un-respiro-financiero-para-cancer-y-leo\/#primaryimage\"},\"thumbnailUrl\":\"https:\/\/periodicoelavante.com\/wp-content\/uploads\/2026\/01\/temp_og-42.jpg\",\"datePublished\":\"2026-01-17T15:35:22+00:00\",\"breadcrumb\":{\"@id\":\"https:\/\/periodicoelavante.com\/index.php\/2026\/01\/17\/el-cosmos-y-la-lucha-de-clases-un-respiro-financiero-para-cancer-y-leo\/#breadcrumb\"},\"inLanguage\":\"es\",\"potentialAction\":[{\"@type\":\"ReadAction\",\"target\":[\"https:\/\/periodicoelavante.com\/index.php\/2026\/01\/17\/el-cosmos-y-la-lucha-de-clases-un-respiro-financiero-para-cancer-y-leo\/\"]}]},{\"@type\":\"ImageObject\",\"inLanguage\":\"es\",\"@id\":\"https:\/\/periodicoelavante.com\/index.php\/2026\/01\/17\/el-cosmos-y-la-lucha-de-clases-un-respiro-financiero-para-cancer-y-leo\/#primaryimage\",\"url\":\"https:\/\/periodicoelavante.com\/wp-content\/uploads\/2026\/01\/temp_og-42.jpg\",\"contentUrl\":\"https:\/\/periodicoelavante.com\/wp-content\/uploads\/2026\/01\/temp_og-42.jpg\",\"width\":1280,\"height\":720},{\"@type\":\"BreadcrumbList\",\"@id\":\"https:\/\/periodicoelavante.com\/index.php\/2026\/01\/17\/el-cosmos-y-la-lucha-de-clases-un-respiro-financiero-para-cancer-y-leo\/#breadcrumb\",\"itemListElement\":[{\"@type\":\"ListItem\",\"position\":1,\"name\":\"Portada\",\"item\":\"https:\/\/periodicoelavante.com\/\"},{\"@type\":\"ListItem\",\"position\":2,\"name\":\"El Cosmos y la Lucha de Clases: \u00bfUn Respiro Financiero para C\u00e1ncer y Leo?\"}]},{\"@type\":\"WebSite\",\"@id\":\"https:\/\/periodicoelavante.com\/#website\",\"url\":\"https:\/\/periodicoelavante.com\/\",\"name\":\"Peri\u00f3dico El Avante\",\"description\":\"\",\"publisher\":{\"@id\":\"https:\/\/periodicoelavante.com\/#organization\"},\"potentialAction\":[{\"@type\":\"SearchAction\",\"target\":{\"@type\":\"EntryPoint\",\"urlTemplate\":\"https:\/\/periodicoelavante.com\/?s={search_term_string}\"},\"query-input\":{\"@type\":\"PropertyValueSpecification\",\"valueRequired\":true,\"valueName\":\"search_term_string\"}}],\"inLanguage\":\"es\"},{\"@type\":\"Organization\",\"@id\":\"https:\/\/periodicoelavante.com\/#organization\",\"name\":\"Peri\u00f3dico El Avante\",\"url\":\"https:\/\/periodicoelavante.com\/\",\"logo\":{\"@type\":\"ImageObject\",\"inLanguage\":\"es\",\"@id\":\"https:\/\/periodicoelavante.com\/#\/schema\/logo\/image\/\",\"url\":\"https:\/\/periodicoelavante.com\/wp-content\/uploads\/2026\/01\/cropped-logo-Trad-El-Avante-png.png\",\"contentUrl\":\"https:\/\/periodicoelavante.com\/wp-content\/uploads\/2026\/01\/cropped-logo-Trad-El-Avante-png.png\",\"width\":714,\"height\":267,\"caption\":\"Peri\u00f3dico El Avante\"},\"image\":{\"@id\":\"https:\/\/periodicoelavante.com\/#\/schema\/logo\/image\/\"}},{\"@type\":\"Person\",\"@id\":\"https:\/\/periodicoelavante.com\/#\/schema\/person\/dcd7dfcd62a2834828a29aad28da5ca9\",\"name\":\"Periodico El Avante\",\"image\":{\"@type\":\"ImageObject\",\"inLanguage\":\"es\",\"@id\":\"https:\/\/periodicoelavante.com\/#\/schema\/person\/image\/\",\"url\":\"https:\/\/secure.gravatar.com\/avatar\/3e4c25af06e8e2aa013bee6b51f53a2a7a64c2c1fdc43094a8433a702524917d?s=96&d=mm&r=g\",\"contentUrl\":\"https:\/\/secure.gravatar.com\/avatar\/3e4c25af06e8e2aa013bee6b51f53a2a7a64c2c1fdc43094a8433a702524917d?s=96&d=mm&r=g\",\"caption\":\"Periodico El Avante\"},\"url\":\"https:\/\/periodicoelavante.com\/index.php\/author\/redaccioneditorial\/\"}]}<\/script>\n<!-- \/ Yoast SEO plugin. -->","yoast_head_json":{"title":"El Cosmos y la Lucha de Clases: \u00bfUn Respiro Financiero para C\u00e1ncer y Leo? - Peri\u00f3dico El Avante","robots":{"index":"index","follow":"follow","max-snippet":"max-snippet:-1","max-image-preview":"max-image-preview:large","max-video-preview":"max-video-preview:-1"},"canonical":"https:\/\/periodicoelavante.com\/index.php\/2026\/01\/17\/el-cosmos-y-la-lucha-de-clases-un-respiro-financiero-para-cancer-y-leo\/","og_locale":"es_ES","og_type":"article","og_title":"El Cosmos y la Lucha de Clases: \u00bfUn Respiro Financiero para C\u00e1ncer y Leo? - Peri\u00f3dico El Avante","og_description":"Jairo Ibarra analiza el hor\u00f3scopo desde la perspectiva de la 4T y la lucha de clases. \u00bfC\u00e1ncer y Leo recibir\u00e1n dinero extra? Un respiro financiero que debe ser invertido con conciencia social y en pro del bienestar colectivo.","og_url":"https:\/\/periodicoelavante.com\/index.php\/2026\/01\/17\/el-cosmos-y-la-lucha-de-clases-un-respiro-financiero-para-cancer-y-leo\/","og_site_name":"Peri\u00f3dico El Avante","article_published_time":"2026-01-17T15:35:22+00:00","author":"Periodico El Avante","twitter_card":"summary_large_image","twitter_misc":{"Escrito por":"Periodico El Avante","Tiempo de lectura":"1 minuto"},"schema":{"@context":"https:\/\/schema.org","@graph":[{"@type":"Article","@id":"https:\/\/periodicoelavante.com\/index.php\/2026\/01\/17\/el-cosmos-y-la-lucha-de-clases-un-respiro-financiero-para-cancer-y-leo\/#article","isPartOf":{"@id":"https:\/\/periodicoelavante.com\/index.php\/2026\/01\/17\/el-cosmos-y-la-lucha-de-clases-un-respiro-financiero-para-cancer-y-leo\/"},"author":{"name":"Periodico El Avante","@id":"https:\/\/periodicoelavante.com\/#\/schema\/person\/dcd7dfcd62a2834828a29aad28da5ca9"},"headline":"El Cosmos y la Lucha de Clases: \u00bfUn Respiro Financiero para C\u00e1ncer y Leo?","datePublished":"2026-01-17T15:35:22+00:00","mainEntityOfPage":{"@id":"https:\/\/periodicoelavante.com\/index.php\/2026\/01\/17\/el-cosmos-y-la-lucha-de-clases-un-respiro-financiero-para-cancer-y-leo\/"},"wordCount":217,"commentCount":0,"publisher":{"@id":"https:\/\/periodicoelavante.com\/#organization"},"image":{"@id":"https:\/\/periodicoelavante.com\/index.php\/2026\/01\/17\/el-cosmos-y-la-lucha-de-clases-un-respiro-financiero-para-cancer-y-leo\/#primaryimage"},"thumbnailUrl":"https:\/\/periodicoelavante.com\/wp-content\/uploads\/2026\/01\/temp_og-42.jpg","articleSection":["Uncategorized"],"inLanguage":"es","potentialAction":[{"@type":"CommentAction","name":"Comment","target":["https:\/\/periodicoelavante.com\/index.php\/2026\/01\/17\/el-cosmos-y-la-lucha-de-clases-un-respiro-financiero-para-cancer-y-leo\/#respond"]}]},{"@type":"WebPage","@id":"https:\/\/periodicoelavante.com\/index.php\/2026\/01\/17\/el-cosmos-y-la-lucha-de-clases-un-respiro-financiero-para-cancer-y-leo\/","url":"https:\/\/periodicoelavante.com\/index.php\/2026\/01\/17\/el-cosmos-y-la-lucha-de-clases-un-respiro-financiero-para-cancer-y-leo\/","name":"El Cosmos y la Lucha de Clases: \u00bfUn Respiro Financiero para C\u00e1ncer y Leo? - Peri\u00f3dico El Avante","isPartOf":{"@id":"https:\/\/periodicoelavante.com\/#website"},"primaryImageOfPage":{"@id":"https:\/\/periodicoelavante.com\/index.php\/2026\/01\/17\/el-cosmos-y-la-lucha-de-clases-un-respiro-financiero-para-cancer-y-leo\/#primaryimage"},"image":{"@id":"https:\/\/periodicoelavante.com\/index.php\/2026\/01\/17\/el-cosmos-y-la-lucha-de-clases-un-respiro-financiero-para-cancer-y-leo\/#primaryimage"},"thumbnailUrl":"https:\/\/periodicoelavante.com\/wp-content\/uploads\/2026\/01\/temp_og-42.jpg","datePublished":"2026-01-17T15:35:22+00:00","breadcrumb":{"@id":"https:\/\/periodicoelavante.com\/index.php\/2026\/01\/17\/el-cosmos-y-la-lucha-de-clases-un-respiro-financiero-para-cancer-y-leo\/#breadcrumb"},"inLanguage":"es","potentialAction":[{"@type":"ReadAction","target":["https:\/\/periodicoelavante.com\/index.php\/2026\/01\/17\/el-cosmos-y-la-lucha-de-clases-un-respiro-financiero-para-cancer-y-leo\/"]}]},{"@type":"ImageObject","inLanguage":"es","@id":"https:\/\/periodicoelavante.com\/index.php\/2026\/01\/17\/el-cosmos-y-la-lucha-de-clases-un-respiro-financiero-para-cancer-y-leo\/#primaryimage","url":"https:\/\/periodicoelavante.com\/wp-content\/uploads\/2026\/01\/temp_og-42.jpg","contentUrl":"https:\/\/periodicoelavante.com\/wp-content\/uploads\/2026\/01\/temp_og-42.jpg","width":1280,"height":720},{"@type":"BreadcrumbList","@id":"https:\/\/periodicoelavante.com\/index.php\/2026\/01\/17\/el-cosmos-y-la-lucha-de-clases-un-respiro-financiero-para-cancer-y-leo\/#breadcrumb","itemListElement":[{"@type":"ListItem","position":1,"name":"Portada","item":"https:\/\/periodicoelavante.com\/"},{"@type":"ListItem","position":2,"name":"El Cosmos y la Lucha de Clases: \u00bfUn Respiro Financiero para C\u00e1ncer y Leo?"}]},{"@type":"WebSite","@id":"https:\/\/periodicoelavante.com\/#website","url":"https:\/\/periodicoelavante.com\/","name":"Peri\u00f3dico El Avante","description":"","publisher":{"@id":"https:\/\/periodicoelavante.com\/#organization"},"potentialAction":[{"@type":"SearchAction","target":{"@type":"EntryPoint","urlTemplate":"https:\/\/periodicoelavante.com\/?s={search_term_string}"},"query-input":{"@type":"PropertyValueSpecification","valueRequired":true,"valueName":"search_term_string"}}],"inLanguage":"es"},{"@type":"Organization","@id":"https:\/\/periodicoelavante.com\/#organization","name":"Peri\u00f3dico El Avante","url":"https:\/\/periodicoelavante.com\/","logo":{"@type":"ImageObject","inLanguage":"es","@id":"https:\/\/periodicoelavante.com\/#\/schema\/logo\/image\/","url":"https:\/\/periodicoelavante.com\/wp-content\/uploads\/2026\/01\/cropped-logo-Trad-El-Avante-png.png","contentUrl":"https:\/\/periodicoelavante.com\/wp-content\/uploads\/2026\/01\/cropped-logo-Trad-El-Avante-png.png","width":714,"height":267,"caption":"Peri\u00f3dico El Avante"},"image":{"@id":"https:\/\/periodicoelavante.com\/#\/schema\/logo\/image\/"}},{"@type":"Person","@id":"https:\/\/periodicoelavante.com\/#\/schema\/person\/dcd7dfcd62a2834828a29aad28da5ca9","name":"Periodico El Avante","image":{"@type":"ImageObject","inLanguage":"es","@id":"https:\/\/periodicoelavante.com\/#\/schema\/person\/image\/","url":"https:\/\/secure.gravatar.com\/avatar\/3e4c25af06e8e2aa013bee6b51f53a2a7a64c2c1fdc43094a8433a702524917d?s=96&d=mm&r=g","contentUrl":"https:\/\/secure.gravatar.com\/avatar\/3e4c25af06e8e2aa013bee6b51f53a2a7a64c2c1fdc43094a8433a702524917d?s=96&d=mm&r=g","caption":"Periodico El Avante"},"url":"https:\/\/periodicoelavante.com\/index.php\/author\/redaccioneditorial\/"}]}},"_links":{"self":[{"href":"https:\/\/periodicoelavante.com\/index.php\/wp-json\/wp\/v2\/posts\/179","targetHints":{"allow":["GET"]}}],"collection":[{"href":"https:\/\/periodicoelavante.com\/index.php\/wp-json\/wp\/v2\/posts"}],"about":[{"href":"https:\/\/periodicoelavante.com\/index.php\/wp-json\/wp\/v2\/types\/post"}],"author":[{"embeddable":true,"href":"https:\/\/periodicoelavante.com\/index.php\/wp-json\/wp\/v2\/users\/2"}],"replies":[{"embeddable":true,"href":"https:\/\/periodicoelavante.com\/index.php\/wp-json\/wp\/v2\/comments?post=179"}],"version-history":[{"count":0,"href":"https:\/\/periodicoelavante.com\/index.php\/wp-json\/wp\/v2\/posts\/179\/revisions"}],"wp:featuredmedia":[{"embeddable":true,"href":"https:\/\/periodicoelavante.com\/index.php\/wp-json\/wp\/v2\/media\/178"}],"wp:attachment":[{"href":"https:\/\/periodicoelavante.com\/index.php\/wp-json\/wp\/v2\/media?parent=179"}],"wp:term":[{"taxonomy":"category","embeddable":true,"href":"https:\/\/periodicoelavante.com\/index.php\/wp-json\/wp\/v2\/categories?post=179"},{"taxonomy":"post_tag","embeddable":true,"href":"https:\/\/periodicoelavante.com\/index.php\/wp-json\/wp\/v2\/tags?post=179"}],"curies":[{"name":"wp","href":"https:\/\/api.w.org\/{rel}","templated":true}]}}