{"id":1798,"date":"2026-01-30T01:13:49","date_gmt":"2026-01-30T01:13:49","guid":{"rendered":"https:\/\/periodicoelavante.com\/index.php\/2026\/01\/30\/carnita-asada-fatal-reflejo-de-crisis-social\/"},"modified":"2026-01-30T01:13:49","modified_gmt":"2026-01-30T01:13:49","slug":"carnita-asada-fatal-reflejo-de-crisis-social","status":"publish","type":"post","link":"https:\/\/periodicoelavante.com\/index.php\/2026\/01\/30\/carnita-asada-fatal-reflejo-de-crisis-social\/","title":{"rendered":"Carnita Asada Fatal: Reflejo de Crisis Social"},"content":{"rendered":"<p>El incidente en la colonia San Rafael, Nuevo Laredo, donde una reuni\u00f3n con intenci\u00f3n festiva \u2013 una carnita asada \u2013 culmin\u00f3 con un veh\u00edculo envuelto en llamas, trasciende la mera an\u00e9cdota. Se convierte en un s\u00edntoma de las complejas din\u00e1micas sociales y econ\u00f3micas que azotan a la regi\u00f3n fronteriza.<\/p>\n<p>La transformaci\u00f3n de un evento social com\u00fan en un escenario de violencia sugiere una profunda fragilidad en el tejido social. Factores como la precariedad econ\u00f3mica, la falta de oportunidades, y la presencia \u2013 o percepci\u00f3n \u2013 de impunidad pueden exacerbar tensiones latentes, convirtiendo un desacuerdo en una confrontaci\u00f3n con consecuencias devastadoras. La carnita asada, un s\u00edmbolo de convivencia y tradici\u00f3n, se ve pervertida por la realidad de un entorno hostil.<\/p>\n<p>Es crucial analizar el contexto espec\u00edfico de la colonia San Rafael. \u00bfCu\u00e1les son los niveles de desempleo? \u00bfQu\u00e9 tipo de presencia gubernamental existe en la zona? \u00bfHay antecedentes de violencia o criminalidad? Responder a estas preguntas es esencial para comprender las causas subyacentes del incidente y evitar la estigmatizaci\u00f3n de la comunidad.<\/p>\n<p>M\u00e1s all\u00e1 de la investigaci\u00f3n policial y judicial, se requiere una intervenci\u00f3n social integral. Programas de apoyo econ\u00f3mico, fomento del empleo, acceso a la educaci\u00f3n y fortalecimiento de los lazos comunitarios son vitales para reconstruir la confianza y prevenir futuros incidentes. La seguridad no solo se logra con la presencia de fuerzas del orden, sino tambi\u00e9n con el empoderamiento de la ciudadan\u00eda y la creaci\u00f3n de oportunidades.<\/p>\n<p>En \u00faltima instancia, el auto en llamas en la colonia San Rafael es un llamado de atenci\u00f3n urgente. Requiere una reflexi\u00f3n profunda sobre las condiciones de vida en la frontera y una acci\u00f3n decidida para abordar las causas estructurales de la violencia y la desesperaci\u00f3n. No basta con extinguir el fuego; es necesario reconstruir la esperanza.<\/p>\n<p>AAA.AYR.<\/p>\n<p><script type=\"application\/ld+json\">\n{\"@context\": \"https:\/\/schema.org\", \"@type\": \"NewsArticle\", \"headline\": \"Carnita Asada Fatal: Reflejo de Crisis Social\", \"image\": [\"https:\/\/periodicoelavante.com\/wp-content\/uploads\/2026\/01\/quera-an-carnita-asada-pero-terminaron-con-auto-e.webp\"], \"datePublished\": \"2026-01-30T01:13:45.454835\", \"author\": { \"@type\": \"Person\", \"name\": \"Jairo Ibarra\" } }\n<\/script><\/p>\n","protected":false},"excerpt":{"rendered":"<p>Carnita asada termina en tragedia en Nuevo Laredo. Analizamos las causas sociales y econ\u00f3micas detr\u00e1s del incidente: precariedad, impunidad y falta de oportunidades.<\/p>\n","protected":false},"author":2,"featured_media":1797,"comment_status":"open","ping_status":"closed","sticky":false,"template":"","format":"standard","meta":{"colormag_page_container_layout":"default_layout","colormag_page_sidebar_layout":"default_layout","footnotes":""},"categories":[1],"tags":[],"class_list":["post-1798","post","type-post","status-publish","format-standard","has-post-thumbnail","hentry","category-uncategorized"],"yoast_head":"<!-- This site is optimized with the Yoast SEO plugin v26.7 - https:\/\/yoast.com\/wordpress\/plugins\/seo\/ -->\n<title>Carnita Asada Fatal: Reflejo de Crisis Social - Peri\u00f3dico El Avante<\/title>\n<meta name=\"robots\" content=\"index, follow, max-snippet:-1, max-image-preview:large, max-video-preview:-1\" \/>\n<link rel=\"canonical\" href=\"https:\/\/periodicoelavante.com\/index.php\/2026\/01\/30\/carnita-asada-fatal-reflejo-de-crisis-social\/\" \/>\n<meta property=\"og:locale\" content=\"es_ES\" \/>\n<meta property=\"og:type\" content=\"article\" \/>\n<meta property=\"og:title\" content=\"Carnita Asada Fatal: Reflejo de Crisis Social - Peri\u00f3dico El Avante\" \/>\n<meta property=\"og:description\" content=\"Carnita asada termina en tragedia en Nuevo Laredo. Analizamos las causas sociales y econ\u00f3micas detr\u00e1s del incidente: precariedad, impunidad y falta de oportunidades.\" \/>\n<meta property=\"og:url\" content=\"https:\/\/periodicoelavante.com\/index.php\/2026\/01\/30\/carnita-asada-fatal-reflejo-de-crisis-social\/\" \/>\n<meta property=\"og:site_name\" content=\"Peri\u00f3dico El Avante\" \/>\n<meta property=\"article:published_time\" content=\"2026-01-30T01:13:49+00:00\" \/>\n<meta name=\"author\" content=\"Periodico El Avante\" \/>\n<meta name=\"twitter:card\" content=\"summary_large_image\" \/>\n<meta name=\"twitter:label1\" content=\"Escrito por\" \/>\n\t<meta name=\"twitter:data1\" content=\"Periodico El Avante\" \/>\n\t<meta name=\"twitter:label2\" content=\"Tiempo de lectura\" \/>\n\t<meta name=\"twitter:data2\" content=\"2 minutos\" \/>\n<script type=\"application\/ld+json\" class=\"yoast-schema-graph\">{\"@context\":\"https:\/\/schema.org\",\"@graph\":[{\"@type\":\"Article\",\"@id\":\"https:\/\/periodicoelavante.com\/index.php\/2026\/01\/30\/carnita-asada-fatal-reflejo-de-crisis-social\/#article\",\"isPartOf\":{\"@id\":\"https:\/\/periodicoelavante.com\/index.php\/2026\/01\/30\/carnita-asada-fatal-reflejo-de-crisis-social\/\"},\"author\":{\"name\":\"Periodico El Avante\",\"@id\":\"https:\/\/periodicoelavante.com\/#\/schema\/person\/dcd7dfcd62a2834828a29aad28da5ca9\"},\"headline\":\"Carnita Asada Fatal: Reflejo de Crisis Social\",\"datePublished\":\"2026-01-30T01:13:49+00:00\",\"mainEntityOfPage\":{\"@id\":\"https:\/\/periodicoelavante.com\/index.php\/2026\/01\/30\/carnita-asada-fatal-reflejo-de-crisis-social\/\"},\"wordCount\":329,\"commentCount\":0,\"publisher\":{\"@id\":\"https:\/\/periodicoelavante.com\/#organization\"},\"image\":{\"@id\":\"https:\/\/periodicoelavante.com\/index.php\/2026\/01\/30\/carnita-asada-fatal-reflejo-de-crisis-social\/#primaryimage\"},\"thumbnailUrl\":\"https:\/\/periodicoelavante.com\/wp-content\/uploads\/2026\/01\/quera-an-carnita-asada-pero-terminaron-con-auto-e.webp\",\"articleSection\":[\"Uncategorized\"],\"inLanguage\":\"es\",\"potentialAction\":[{\"@type\":\"CommentAction\",\"name\":\"Comment\",\"target\":[\"https:\/\/periodicoelavante.com\/index.php\/2026\/01\/30\/carnita-asada-fatal-reflejo-de-crisis-social\/#respond\"]}]},{\"@type\":\"WebPage\",\"@id\":\"https:\/\/periodicoelavante.com\/index.php\/2026\/01\/30\/carnita-asada-fatal-reflejo-de-crisis-social\/\",\"url\":\"https:\/\/periodicoelavante.com\/index.php\/2026\/01\/30\/carnita-asada-fatal-reflejo-de-crisis-social\/\",\"name\":\"Carnita Asada Fatal: Reflejo de Crisis Social - Peri\u00f3dico El Avante\",\"isPartOf\":{\"@id\":\"https:\/\/periodicoelavante.com\/#website\"},\"primaryImageOfPage\":{\"@id\":\"https:\/\/periodicoelavante.com\/index.php\/2026\/01\/30\/carnita-asada-fatal-reflejo-de-crisis-social\/#primaryimage\"},\"image\":{\"@id\":\"https:\/\/periodicoelavante.com\/index.php\/2026\/01\/30\/carnita-asada-fatal-reflejo-de-crisis-social\/#primaryimage\"},\"thumbnailUrl\":\"https:\/\/periodicoelavante.com\/wp-content\/uploads\/2026\/01\/quera-an-carnita-asada-pero-terminaron-con-auto-e.webp\",\"datePublished\":\"2026-01-30T01:13:49+00:00\",\"breadcrumb\":{\"@id\":\"https:\/\/periodicoelavante.com\/index.php\/2026\/01\/30\/carnita-asada-fatal-reflejo-de-crisis-social\/#breadcrumb\"},\"inLanguage\":\"es\",\"potentialAction\":[{\"@type\":\"ReadAction\",\"target\":[\"https:\/\/periodicoelavante.com\/index.php\/2026\/01\/30\/carnita-asada-fatal-reflejo-de-crisis-social\/\"]}]},{\"@type\":\"ImageObject\",\"inLanguage\":\"es\",\"@id\":\"https:\/\/periodicoelavante.com\/index.php\/2026\/01\/30\/carnita-asada-fatal-reflejo-de-crisis-social\/#primaryimage\",\"url\":\"https:\/\/periodicoelavante.com\/wp-content\/uploads\/2026\/01\/quera-an-carnita-asada-pero-terminaron-con-auto-e.webp\",\"contentUrl\":\"https:\/\/periodicoelavante.com\/wp-content\/uploads\/2026\/01\/quera-an-carnita-asada-pero-terminaron-con-auto-e.webp\",\"width\":1280,\"height\":720},{\"@type\":\"BreadcrumbList\",\"@id\":\"https:\/\/periodicoelavante.com\/index.php\/2026\/01\/30\/carnita-asada-fatal-reflejo-de-crisis-social\/#breadcrumb\",\"itemListElement\":[{\"@type\":\"ListItem\",\"position\":1,\"name\":\"Portada\",\"item\":\"https:\/\/periodicoelavante.com\/\"},{\"@type\":\"ListItem\",\"position\":2,\"name\":\"Carnita Asada Fatal: Reflejo de Crisis Social\"}]},{\"@type\":\"WebSite\",\"@id\":\"https:\/\/periodicoelavante.com\/#website\",\"url\":\"https:\/\/periodicoelavante.com\/\",\"name\":\"Peri\u00f3dico El Avante\",\"description\":\"\",\"publisher\":{\"@id\":\"https:\/\/periodicoelavante.com\/#organization\"},\"potentialAction\":[{\"@type\":\"SearchAction\",\"target\":{\"@type\":\"EntryPoint\",\"urlTemplate\":\"https:\/\/periodicoelavante.com\/?s={search_term_string}\"},\"query-input\":{\"@type\":\"PropertyValueSpecification\",\"valueRequired\":true,\"valueName\":\"search_term_string\"}}],\"inLanguage\":\"es\"},{\"@type\":\"Organization\",\"@id\":\"https:\/\/periodicoelavante.com\/#organization\",\"name\":\"Peri\u00f3dico El Avante\",\"url\":\"https:\/\/periodicoelavante.com\/\",\"logo\":{\"@type\":\"ImageObject\",\"inLanguage\":\"es\",\"@id\":\"https:\/\/periodicoelavante.com\/#\/schema\/logo\/image\/\",\"url\":\"https:\/\/periodicoelavante.com\/wp-content\/uploads\/2026\/01\/cropped-logo-Trad-El-Avante-png.png\",\"contentUrl\":\"https:\/\/periodicoelavante.com\/wp-content\/uploads\/2026\/01\/cropped-logo-Trad-El-Avante-png.png\",\"width\":714,\"height\":267,\"caption\":\"Peri\u00f3dico El Avante\"},\"image\":{\"@id\":\"https:\/\/periodicoelavante.com\/#\/schema\/logo\/image\/\"}},{\"@type\":\"Person\",\"@id\":\"https:\/\/periodicoelavante.com\/#\/schema\/person\/dcd7dfcd62a2834828a29aad28da5ca9\",\"name\":\"Periodico El Avante\",\"image\":{\"@type\":\"ImageObject\",\"inLanguage\":\"es\",\"@id\":\"https:\/\/periodicoelavante.com\/#\/schema\/person\/image\/\",\"url\":\"https:\/\/secure.gravatar.com\/avatar\/3e4c25af06e8e2aa013bee6b51f53a2a7a64c2c1fdc43094a8433a702524917d?s=96&d=mm&r=g\",\"contentUrl\":\"https:\/\/secure.gravatar.com\/avatar\/3e4c25af06e8e2aa013bee6b51f53a2a7a64c2c1fdc43094a8433a702524917d?s=96&d=mm&r=g\",\"caption\":\"Periodico El Avante\"},\"url\":\"https:\/\/periodicoelavante.com\/index.php\/author\/redaccioneditorial\/\"}]}<\/script>\n<!-- \/ Yoast SEO plugin. -->","yoast_head_json":{"title":"Carnita Asada Fatal: Reflejo de Crisis Social - Peri\u00f3dico El Avante","robots":{"index":"index","follow":"follow","max-snippet":"max-snippet:-1","max-image-preview":"max-image-preview:large","max-video-preview":"max-video-preview:-1"},"canonical":"https:\/\/periodicoelavante.com\/index.php\/2026\/01\/30\/carnita-asada-fatal-reflejo-de-crisis-social\/","og_locale":"es_ES","og_type":"article","og_title":"Carnita Asada Fatal: Reflejo de Crisis Social - Peri\u00f3dico El Avante","og_description":"Carnita asada termina en tragedia en Nuevo Laredo. Analizamos las causas sociales y econ\u00f3micas detr\u00e1s del incidente: precariedad, impunidad y falta de oportunidades.","og_url":"https:\/\/periodicoelavante.com\/index.php\/2026\/01\/30\/carnita-asada-fatal-reflejo-de-crisis-social\/","og_site_name":"Peri\u00f3dico El Avante","article_published_time":"2026-01-30T01:13:49+00:00","author":"Periodico El Avante","twitter_card":"summary_large_image","twitter_misc":{"Escrito por":"Periodico El Avante","Tiempo de lectura":"2 minutos"},"schema":{"@context":"https:\/\/schema.org","@graph":[{"@type":"Article","@id":"https:\/\/periodicoelavante.com\/index.php\/2026\/01\/30\/carnita-asada-fatal-reflejo-de-crisis-social\/#article","isPartOf":{"@id":"https:\/\/periodicoelavante.com\/index.php\/2026\/01\/30\/carnita-asada-fatal-reflejo-de-crisis-social\/"},"author":{"name":"Periodico El Avante","@id":"https:\/\/periodicoelavante.com\/#\/schema\/person\/dcd7dfcd62a2834828a29aad28da5ca9"},"headline":"Carnita Asada Fatal: Reflejo de Crisis Social","datePublished":"2026-01-30T01:13:49+00:00","mainEntityOfPage":{"@id":"https:\/\/periodicoelavante.com\/index.php\/2026\/01\/30\/carnita-asada-fatal-reflejo-de-crisis-social\/"},"wordCount":329,"commentCount":0,"publisher":{"@id":"https:\/\/periodicoelavante.com\/#organization"},"image":{"@id":"https:\/\/periodicoelavante.com\/index.php\/2026\/01\/30\/carnita-asada-fatal-reflejo-de-crisis-social\/#primaryimage"},"thumbnailUrl":"https:\/\/periodicoelavante.com\/wp-content\/uploads\/2026\/01\/quera-an-carnita-asada-pero-terminaron-con-auto-e.webp","articleSection":["Uncategorized"],"inLanguage":"es","potentialAction":[{"@type":"CommentAction","name":"Comment","target":["https:\/\/periodicoelavante.com\/index.php\/2026\/01\/30\/carnita-asada-fatal-reflejo-de-crisis-social\/#respond"]}]},{"@type":"WebPage","@id":"https:\/\/periodicoelavante.com\/index.php\/2026\/01\/30\/carnita-asada-fatal-reflejo-de-crisis-social\/","url":"https:\/\/periodicoelavante.com\/index.php\/2026\/01\/30\/carnita-asada-fatal-reflejo-de-crisis-social\/","name":"Carnita Asada Fatal: Reflejo de Crisis Social - Peri\u00f3dico El Avante","isPartOf":{"@id":"https:\/\/periodicoelavante.com\/#website"},"primaryImageOfPage":{"@id":"https:\/\/periodicoelavante.com\/index.php\/2026\/01\/30\/carnita-asada-fatal-reflejo-de-crisis-social\/#primaryimage"},"image":{"@id":"https:\/\/periodicoelavante.com\/index.php\/2026\/01\/30\/carnita-asada-fatal-reflejo-de-crisis-social\/#primaryimage"},"thumbnailUrl":"https:\/\/periodicoelavante.com\/wp-content\/uploads\/2026\/01\/quera-an-carnita-asada-pero-terminaron-con-auto-e.webp","datePublished":"2026-01-30T01:13:49+00:00","breadcrumb":{"@id":"https:\/\/periodicoelavante.com\/index.php\/2026\/01\/30\/carnita-asada-fatal-reflejo-de-crisis-social\/#breadcrumb"},"inLanguage":"es","potentialAction":[{"@type":"ReadAction","target":["https:\/\/periodicoelavante.com\/index.php\/2026\/01\/30\/carnita-asada-fatal-reflejo-de-crisis-social\/"]}]},{"@type":"ImageObject","inLanguage":"es","@id":"https:\/\/periodicoelavante.com\/index.php\/2026\/01\/30\/carnita-asada-fatal-reflejo-de-crisis-social\/#primaryimage","url":"https:\/\/periodicoelavante.com\/wp-content\/uploads\/2026\/01\/quera-an-carnita-asada-pero-terminaron-con-auto-e.webp","contentUrl":"https:\/\/periodicoelavante.com\/wp-content\/uploads\/2026\/01\/quera-an-carnita-asada-pero-terminaron-con-auto-e.webp","width":1280,"height":720},{"@type":"BreadcrumbList","@id":"https:\/\/periodicoelavante.com\/index.php\/2026\/01\/30\/carnita-asada-fatal-reflejo-de-crisis-social\/#breadcrumb","itemListElement":[{"@type":"ListItem","position":1,"name":"Portada","item":"https:\/\/periodicoelavante.com\/"},{"@type":"ListItem","position":2,"name":"Carnita Asada Fatal: Reflejo de Crisis Social"}]},{"@type":"WebSite","@id":"https:\/\/periodicoelavante.com\/#website","url":"https:\/\/periodicoelavante.com\/","name":"Peri\u00f3dico El Avante","description":"","publisher":{"@id":"https:\/\/periodicoelavante.com\/#organization"},"potentialAction":[{"@type":"SearchAction","target":{"@type":"EntryPoint","urlTemplate":"https:\/\/periodicoelavante.com\/?s={search_term_string}"},"query-input":{"@type":"PropertyValueSpecification","valueRequired":true,"valueName":"search_term_string"}}],"inLanguage":"es"},{"@type":"Organization","@id":"https:\/\/periodicoelavante.com\/#organization","name":"Peri\u00f3dico El Avante","url":"https:\/\/periodicoelavante.com\/","logo":{"@type":"ImageObject","inLanguage":"es","@id":"https:\/\/periodicoelavante.com\/#\/schema\/logo\/image\/","url":"https:\/\/periodicoelavante.com\/wp-content\/uploads\/2026\/01\/cropped-logo-Trad-El-Avante-png.png","contentUrl":"https:\/\/periodicoelavante.com\/wp-content\/uploads\/2026\/01\/cropped-logo-Trad-El-Avante-png.png","width":714,"height":267,"caption":"Peri\u00f3dico El Avante"},"image":{"@id":"https:\/\/periodicoelavante.com\/#\/schema\/logo\/image\/"}},{"@type":"Person","@id":"https:\/\/periodicoelavante.com\/#\/schema\/person\/dcd7dfcd62a2834828a29aad28da5ca9","name":"Periodico El Avante","image":{"@type":"ImageObject","inLanguage":"es","@id":"https:\/\/periodicoelavante.com\/#\/schema\/person\/image\/","url":"https:\/\/secure.gravatar.com\/avatar\/3e4c25af06e8e2aa013bee6b51f53a2a7a64c2c1fdc43094a8433a702524917d?s=96&d=mm&r=g","contentUrl":"https:\/\/secure.gravatar.com\/avatar\/3e4c25af06e8e2aa013bee6b51f53a2a7a64c2c1fdc43094a8433a702524917d?s=96&d=mm&r=g","caption":"Periodico El Avante"},"url":"https:\/\/periodicoelavante.com\/index.php\/author\/redaccioneditorial\/"}]}},"_links":{"self":[{"href":"https:\/\/periodicoelavante.com\/index.php\/wp-json\/wp\/v2\/posts\/1798","targetHints":{"allow":["GET"]}}],"collection":[{"href":"https:\/\/periodicoelavante.com\/index.php\/wp-json\/wp\/v2\/posts"}],"about":[{"href":"https:\/\/periodicoelavante.com\/index.php\/wp-json\/wp\/v2\/types\/post"}],"author":[{"embeddable":true,"href":"https:\/\/periodicoelavante.com\/index.php\/wp-json\/wp\/v2\/users\/2"}],"replies":[{"embeddable":true,"href":"https:\/\/periodicoelavante.com\/index.php\/wp-json\/wp\/v2\/comments?post=1798"}],"version-history":[{"count":0,"href":"https:\/\/periodicoelavante.com\/index.php\/wp-json\/wp\/v2\/posts\/1798\/revisions"}],"wp:featuredmedia":[{"embeddable":true,"href":"https:\/\/periodicoelavante.com\/index.php\/wp-json\/wp\/v2\/media\/1797"}],"wp:attachment":[{"href":"https:\/\/periodicoelavante.com\/index.php\/wp-json\/wp\/v2\/media?parent=1798"}],"wp:term":[{"taxonomy":"category","embeddable":true,"href":"https:\/\/periodicoelavante.com\/index.php\/wp-json\/wp\/v2\/categories?post=1798"},{"taxonomy":"post_tag","embeddable":true,"href":"https:\/\/periodicoelavante.com\/index.php\/wp-json\/wp\/v2\/tags?post=1798"}],"curies":[{"name":"wp","href":"https:\/\/api.w.org\/{rel}","templated":true}]}}