{"id":2581,"date":"2026-02-05T03:58:41","date_gmt":"2026-02-05T03:58:41","guid":{"rendered":"https:\/\/periodicoelavante.com\/index.php\/2026\/02\/05\/automedicacion-en-tamaulipas-riesgo-social-y-salud\/"},"modified":"2026-02-05T03:58:41","modified_gmt":"2026-02-05T03:58:41","slug":"automedicacion-en-tamaulipas-riesgo-social-y-salud","status":"publish","type":"post","link":"https:\/\/periodicoelavante.com\/index.php\/2026\/02\/05\/automedicacion-en-tamaulipas-riesgo-social-y-salud\/","title":{"rendered":"Automedicaci\u00f3n en Tamaulipas: Riesgo Social y Salud"},"content":{"rendered":"<p>La reciente alerta sanitaria en Tamaulipas sobre la automedicaci\u00f3n trasciende la esfera individual y se revela como un problema social complejo con profundas ra\u00edces. Si bien la accesibilidad a f\u00e1rmacos y la percepci\u00f3n err\u00f3nea de autodiagn\u00f3stico contribuyen al fen\u00f3meno, este tambi\u00e9n se ve alimentado por factores socioecon\u00f3micos como la limitada disponibilidad de servicios m\u00e9dicos oportunos y asequibles para toda la poblaci\u00f3n. La falta de informaci\u00f3n clara y accesible sobre el uso correcto de medicamentos, as\u00ed como la influencia de la publicidad y la promoci\u00f3n irresponsable, exacerban a\u00fan m\u00e1s el problema.<\/p>\n<p>Desde una perspectiva anal\u00edtica, la automedicaci\u00f3n no solo implica riesgos directos para la salud individual, como reacciones adversas, interacciones medicamentosas peligrosas y enmascaramiento de enfermedades subyacentes graves, sino que tambi\u00e9n genera consecuencias a nivel colectivo. El desarrollo de resistencia antimicrobiana, impulsado por el uso indiscriminado de antibi\u00f3ticos, representa una amenaza global para la salud p\u00fablica, comprometiendo la efectividad de tratamientos futuros y aumentando la morbilidad y mortalidad asociadas a infecciones.<\/p>\n<p>El an\u00e1lisis social revela que la automedicaci\u00f3n a menudo se presenta como una respuesta a la necesidad de alivio inmediato ante s\u00edntomas percibidos como menores, especialmente en contextos donde el acceso a la atenci\u00f3n m\u00e9dica formal se ve obstaculizado por barreras econ\u00f3micas, geogr\u00e1ficas o culturales. La percepci\u00f3n de que &#8216;ya se sabe qu\u00e9 tomar&#8217; o el consejo de familiares y amigos sin formaci\u00f3n m\u00e9dica adecuada contribuyen a perpetuar esta pr\u00e1ctica, ignorando la complejidad de los procesos fisiol\u00f3gicos y farmacol\u00f3gicos.<\/p>\n<p>Para abordar esta problem\u00e1tica de manera efectiva, es crucial implementar estrategias integrales que abarquen la promoci\u00f3n de la salud, la educaci\u00f3n sanitaria y el fortalecimiento del sistema de salud. Campa\u00f1as de concientizaci\u00f3n dirigidas a la poblaci\u00f3n en general deben enfatizar los riesgos de la automedicaci\u00f3n y promover la b\u00fasqueda de atenci\u00f3n m\u00e9dica profesional ante cualquier s\u00edntoma. Asimismo, es fundamental garantizar el acceso equitativo a servicios de salud de calidad, incluyendo la disponibilidad de profesionales m\u00e9dicos capacitados y la dispensaci\u00f3n responsable de medicamentos.<\/p>\n<p>En conclusi\u00f3n, la alerta sanitaria en Tamaulipas es un llamado de atenci\u00f3n sobre la urgencia de abordar la automedicaci\u00f3n como un problema social complejo que requiere una respuesta coordinada y multidisciplinaria. Solo a trav\u00e9s de la educaci\u00f3n, el acceso a la atenci\u00f3n m\u00e9dica y la regulaci\u00f3n efectiva se podr\u00e1 proteger la salud individual y colectiva, mitigando los riesgos asociados a esta pr\u00e1ctica y promoviendo un uso racional y seguro de los medicamentos.<\/p>\n<p>AAA.BOB.<\/p>\n<p><script type=\"application\/ld+json\">\n{\"@context\": \"https:\/\/schema.org\", \"@type\": \"NewsArticle\", \"headline\": \"Automedicaci\u00f3n en Tamaulipas: Riesgo Social y Salud\", \"image\": [\"https:\/\/periodicoelavante.com\/wp-content\/uploads\/2026\/02\/alerta-de-salud-en-tamaulipas-el-peligro-de-la-au.webp\"], \"datePublished\": \"2026-02-05T03:58:37.094983\", \"author\": { \"@type\": \"Person\", \"name\": \"Jairo Ibarra\" } }\n<\/script><\/p>\n","protected":false},"excerpt":{"rendered":"<p>Alerta en Tamaulipas por automedicaci\u00f3n: an\u00e1lisis social y riesgos. Acceso a salud limitado, resistencia antimicrobiana y falta de informaci\u00f3n agravan el problema. Soluciones.<\/p>\n","protected":false},"author":2,"featured_media":2580,"comment_status":"open","ping_status":"closed","sticky":false,"template":"","format":"standard","meta":{"colormag_page_container_layout":"default_layout","colormag_page_sidebar_layout":"default_layout","footnotes":""},"categories":[1],"tags":[],"class_list":["post-2581","post","type-post","status-publish","format-standard","has-post-thumbnail","hentry","category-uncategorized"],"yoast_head":"<!-- This site is optimized with the Yoast SEO plugin v26.7 - https:\/\/yoast.com\/wordpress\/plugins\/seo\/ -->\n<title>Automedicaci\u00f3n en Tamaulipas: Riesgo Social y Salud - Peri\u00f3dico El Avante<\/title>\n<meta name=\"robots\" content=\"index, follow, max-snippet:-1, max-image-preview:large, max-video-preview:-1\" \/>\n<link rel=\"canonical\" href=\"https:\/\/periodicoelavante.com\/index.php\/2026\/02\/05\/automedicacion-en-tamaulipas-riesgo-social-y-salud\/\" \/>\n<meta property=\"og:locale\" content=\"es_ES\" \/>\n<meta property=\"og:type\" content=\"article\" \/>\n<meta property=\"og:title\" content=\"Automedicaci\u00f3n en Tamaulipas: Riesgo Social y Salud - Peri\u00f3dico El Avante\" \/>\n<meta property=\"og:description\" content=\"Alerta en Tamaulipas por automedicaci\u00f3n: an\u00e1lisis social y riesgos. Acceso a salud limitado, resistencia antimicrobiana y falta de informaci\u00f3n agravan el problema. Soluciones.\" \/>\n<meta property=\"og:url\" content=\"https:\/\/periodicoelavante.com\/index.php\/2026\/02\/05\/automedicacion-en-tamaulipas-riesgo-social-y-salud\/\" \/>\n<meta property=\"og:site_name\" content=\"Peri\u00f3dico El Avante\" \/>\n<meta property=\"article:published_time\" content=\"2026-02-05T03:58:41+00:00\" \/>\n<meta name=\"author\" content=\"Periodico El Avante\" \/>\n<meta name=\"twitter:card\" content=\"summary_large_image\" \/>\n<meta name=\"twitter:label1\" content=\"Escrito por\" \/>\n\t<meta name=\"twitter:data1\" content=\"Periodico El Avante\" \/>\n\t<meta name=\"twitter:label2\" content=\"Tiempo de lectura\" \/>\n\t<meta name=\"twitter:data2\" content=\"2 minutos\" \/>\n<script type=\"application\/ld+json\" class=\"yoast-schema-graph\">{\"@context\":\"https:\/\/schema.org\",\"@graph\":[{\"@type\":\"Article\",\"@id\":\"https:\/\/periodicoelavante.com\/index.php\/2026\/02\/05\/automedicacion-en-tamaulipas-riesgo-social-y-salud\/#article\",\"isPartOf\":{\"@id\":\"https:\/\/periodicoelavante.com\/index.php\/2026\/02\/05\/automedicacion-en-tamaulipas-riesgo-social-y-salud\/\"},\"author\":{\"name\":\"Periodico El Avante\",\"@id\":\"https:\/\/periodicoelavante.com\/#\/schema\/person\/dcd7dfcd62a2834828a29aad28da5ca9\"},\"headline\":\"Automedicaci\u00f3n en Tamaulipas: Riesgo Social y Salud\",\"datePublished\":\"2026-02-05T03:58:41+00:00\",\"mainEntityOfPage\":{\"@id\":\"https:\/\/periodicoelavante.com\/index.php\/2026\/02\/05\/automedicacion-en-tamaulipas-riesgo-social-y-salud\/\"},\"wordCount\":458,\"commentCount\":0,\"publisher\":{\"@id\":\"https:\/\/periodicoelavante.com\/#organization\"},\"image\":{\"@id\":\"https:\/\/periodicoelavante.com\/index.php\/2026\/02\/05\/automedicacion-en-tamaulipas-riesgo-social-y-salud\/#primaryimage\"},\"thumbnailUrl\":\"https:\/\/periodicoelavante.com\/wp-content\/uploads\/2026\/02\/alerta-de-salud-en-tamaulipas-el-peligro-de-la-au.webp\",\"articleSection\":[\"Uncategorized\"],\"inLanguage\":\"es\",\"potentialAction\":[{\"@type\":\"CommentAction\",\"name\":\"Comment\",\"target\":[\"https:\/\/periodicoelavante.com\/index.php\/2026\/02\/05\/automedicacion-en-tamaulipas-riesgo-social-y-salud\/#respond\"]}]},{\"@type\":\"WebPage\",\"@id\":\"https:\/\/periodicoelavante.com\/index.php\/2026\/02\/05\/automedicacion-en-tamaulipas-riesgo-social-y-salud\/\",\"url\":\"https:\/\/periodicoelavante.com\/index.php\/2026\/02\/05\/automedicacion-en-tamaulipas-riesgo-social-y-salud\/\",\"name\":\"Automedicaci\u00f3n en Tamaulipas: Riesgo Social y Salud - Peri\u00f3dico El Avante\",\"isPartOf\":{\"@id\":\"https:\/\/periodicoelavante.com\/#website\"},\"primaryImageOfPage\":{\"@id\":\"https:\/\/periodicoelavante.com\/index.php\/2026\/02\/05\/automedicacion-en-tamaulipas-riesgo-social-y-salud\/#primaryimage\"},\"image\":{\"@id\":\"https:\/\/periodicoelavante.com\/index.php\/2026\/02\/05\/automedicacion-en-tamaulipas-riesgo-social-y-salud\/#primaryimage\"},\"thumbnailUrl\":\"https:\/\/periodicoelavante.com\/wp-content\/uploads\/2026\/02\/alerta-de-salud-en-tamaulipas-el-peligro-de-la-au.webp\",\"datePublished\":\"2026-02-05T03:58:41+00:00\",\"breadcrumb\":{\"@id\":\"https:\/\/periodicoelavante.com\/index.php\/2026\/02\/05\/automedicacion-en-tamaulipas-riesgo-social-y-salud\/#breadcrumb\"},\"inLanguage\":\"es\",\"potentialAction\":[{\"@type\":\"ReadAction\",\"target\":[\"https:\/\/periodicoelavante.com\/index.php\/2026\/02\/05\/automedicacion-en-tamaulipas-riesgo-social-y-salud\/\"]}]},{\"@type\":\"ImageObject\",\"inLanguage\":\"es\",\"@id\":\"https:\/\/periodicoelavante.com\/index.php\/2026\/02\/05\/automedicacion-en-tamaulipas-riesgo-social-y-salud\/#primaryimage\",\"url\":\"https:\/\/periodicoelavante.com\/wp-content\/uploads\/2026\/02\/alerta-de-salud-en-tamaulipas-el-peligro-de-la-au.webp\",\"contentUrl\":\"https:\/\/periodicoelavante.com\/wp-content\/uploads\/2026\/02\/alerta-de-salud-en-tamaulipas-el-peligro-de-la-au.webp\",\"width\":1200,\"height\":675},{\"@type\":\"BreadcrumbList\",\"@id\":\"https:\/\/periodicoelavante.com\/index.php\/2026\/02\/05\/automedicacion-en-tamaulipas-riesgo-social-y-salud\/#breadcrumb\",\"itemListElement\":[{\"@type\":\"ListItem\",\"position\":1,\"name\":\"Portada\",\"item\":\"https:\/\/periodicoelavante.com\/\"},{\"@type\":\"ListItem\",\"position\":2,\"name\":\"Automedicaci\u00f3n en Tamaulipas: Riesgo Social y Salud\"}]},{\"@type\":\"WebSite\",\"@id\":\"https:\/\/periodicoelavante.com\/#website\",\"url\":\"https:\/\/periodicoelavante.com\/\",\"name\":\"Peri\u00f3dico El Avante\",\"description\":\"\",\"publisher\":{\"@id\":\"https:\/\/periodicoelavante.com\/#organization\"},\"potentialAction\":[{\"@type\":\"SearchAction\",\"target\":{\"@type\":\"EntryPoint\",\"urlTemplate\":\"https:\/\/periodicoelavante.com\/?s={search_term_string}\"},\"query-input\":{\"@type\":\"PropertyValueSpecification\",\"valueRequired\":true,\"valueName\":\"search_term_string\"}}],\"inLanguage\":\"es\"},{\"@type\":\"Organization\",\"@id\":\"https:\/\/periodicoelavante.com\/#organization\",\"name\":\"Peri\u00f3dico El Avante\",\"url\":\"https:\/\/periodicoelavante.com\/\",\"logo\":{\"@type\":\"ImageObject\",\"inLanguage\":\"es\",\"@id\":\"https:\/\/periodicoelavante.com\/#\/schema\/logo\/image\/\",\"url\":\"https:\/\/periodicoelavante.com\/wp-content\/uploads\/2026\/01\/cropped-logo-Trad-El-Avante-png.png\",\"contentUrl\":\"https:\/\/periodicoelavante.com\/wp-content\/uploads\/2026\/01\/cropped-logo-Trad-El-Avante-png.png\",\"width\":714,\"height\":267,\"caption\":\"Peri\u00f3dico El Avante\"},\"image\":{\"@id\":\"https:\/\/periodicoelavante.com\/#\/schema\/logo\/image\/\"}},{\"@type\":\"Person\",\"@id\":\"https:\/\/periodicoelavante.com\/#\/schema\/person\/dcd7dfcd62a2834828a29aad28da5ca9\",\"name\":\"Periodico El Avante\",\"image\":{\"@type\":\"ImageObject\",\"inLanguage\":\"es\",\"@id\":\"https:\/\/periodicoelavante.com\/#\/schema\/person\/image\/\",\"url\":\"https:\/\/secure.gravatar.com\/avatar\/3e4c25af06e8e2aa013bee6b51f53a2a7a64c2c1fdc43094a8433a702524917d?s=96&d=mm&r=g\",\"contentUrl\":\"https:\/\/secure.gravatar.com\/avatar\/3e4c25af06e8e2aa013bee6b51f53a2a7a64c2c1fdc43094a8433a702524917d?s=96&d=mm&r=g\",\"caption\":\"Periodico El Avante\"},\"url\":\"https:\/\/periodicoelavante.com\/index.php\/author\/redaccioneditorial\/\"}]}<\/script>\n<!-- \/ Yoast SEO plugin. -->","yoast_head_json":{"title":"Automedicaci\u00f3n en Tamaulipas: Riesgo Social y Salud - Peri\u00f3dico El Avante","robots":{"index":"index","follow":"follow","max-snippet":"max-snippet:-1","max-image-preview":"max-image-preview:large","max-video-preview":"max-video-preview:-1"},"canonical":"https:\/\/periodicoelavante.com\/index.php\/2026\/02\/05\/automedicacion-en-tamaulipas-riesgo-social-y-salud\/","og_locale":"es_ES","og_type":"article","og_title":"Automedicaci\u00f3n en Tamaulipas: Riesgo Social y Salud - Peri\u00f3dico El Avante","og_description":"Alerta en Tamaulipas por automedicaci\u00f3n: an\u00e1lisis social y riesgos. Acceso a salud limitado, resistencia antimicrobiana y falta de informaci\u00f3n agravan el problema. Soluciones.","og_url":"https:\/\/periodicoelavante.com\/index.php\/2026\/02\/05\/automedicacion-en-tamaulipas-riesgo-social-y-salud\/","og_site_name":"Peri\u00f3dico El Avante","article_published_time":"2026-02-05T03:58:41+00:00","author":"Periodico El Avante","twitter_card":"summary_large_image","twitter_misc":{"Escrito por":"Periodico El Avante","Tiempo de lectura":"2 minutos"},"schema":{"@context":"https:\/\/schema.org","@graph":[{"@type":"Article","@id":"https:\/\/periodicoelavante.com\/index.php\/2026\/02\/05\/automedicacion-en-tamaulipas-riesgo-social-y-salud\/#article","isPartOf":{"@id":"https:\/\/periodicoelavante.com\/index.php\/2026\/02\/05\/automedicacion-en-tamaulipas-riesgo-social-y-salud\/"},"author":{"name":"Periodico El Avante","@id":"https:\/\/periodicoelavante.com\/#\/schema\/person\/dcd7dfcd62a2834828a29aad28da5ca9"},"headline":"Automedicaci\u00f3n en Tamaulipas: Riesgo Social y Salud","datePublished":"2026-02-05T03:58:41+00:00","mainEntityOfPage":{"@id":"https:\/\/periodicoelavante.com\/index.php\/2026\/02\/05\/automedicacion-en-tamaulipas-riesgo-social-y-salud\/"},"wordCount":458,"commentCount":0,"publisher":{"@id":"https:\/\/periodicoelavante.com\/#organization"},"image":{"@id":"https:\/\/periodicoelavante.com\/index.php\/2026\/02\/05\/automedicacion-en-tamaulipas-riesgo-social-y-salud\/#primaryimage"},"thumbnailUrl":"https:\/\/periodicoelavante.com\/wp-content\/uploads\/2026\/02\/alerta-de-salud-en-tamaulipas-el-peligro-de-la-au.webp","articleSection":["Uncategorized"],"inLanguage":"es","potentialAction":[{"@type":"CommentAction","name":"Comment","target":["https:\/\/periodicoelavante.com\/index.php\/2026\/02\/05\/automedicacion-en-tamaulipas-riesgo-social-y-salud\/#respond"]}]},{"@type":"WebPage","@id":"https:\/\/periodicoelavante.com\/index.php\/2026\/02\/05\/automedicacion-en-tamaulipas-riesgo-social-y-salud\/","url":"https:\/\/periodicoelavante.com\/index.php\/2026\/02\/05\/automedicacion-en-tamaulipas-riesgo-social-y-salud\/","name":"Automedicaci\u00f3n en Tamaulipas: Riesgo Social y Salud - Peri\u00f3dico El Avante","isPartOf":{"@id":"https:\/\/periodicoelavante.com\/#website"},"primaryImageOfPage":{"@id":"https:\/\/periodicoelavante.com\/index.php\/2026\/02\/05\/automedicacion-en-tamaulipas-riesgo-social-y-salud\/#primaryimage"},"image":{"@id":"https:\/\/periodicoelavante.com\/index.php\/2026\/02\/05\/automedicacion-en-tamaulipas-riesgo-social-y-salud\/#primaryimage"},"thumbnailUrl":"https:\/\/periodicoelavante.com\/wp-content\/uploads\/2026\/02\/alerta-de-salud-en-tamaulipas-el-peligro-de-la-au.webp","datePublished":"2026-02-05T03:58:41+00:00","breadcrumb":{"@id":"https:\/\/periodicoelavante.com\/index.php\/2026\/02\/05\/automedicacion-en-tamaulipas-riesgo-social-y-salud\/#breadcrumb"},"inLanguage":"es","potentialAction":[{"@type":"ReadAction","target":["https:\/\/periodicoelavante.com\/index.php\/2026\/02\/05\/automedicacion-en-tamaulipas-riesgo-social-y-salud\/"]}]},{"@type":"ImageObject","inLanguage":"es","@id":"https:\/\/periodicoelavante.com\/index.php\/2026\/02\/05\/automedicacion-en-tamaulipas-riesgo-social-y-salud\/#primaryimage","url":"https:\/\/periodicoelavante.com\/wp-content\/uploads\/2026\/02\/alerta-de-salud-en-tamaulipas-el-peligro-de-la-au.webp","contentUrl":"https:\/\/periodicoelavante.com\/wp-content\/uploads\/2026\/02\/alerta-de-salud-en-tamaulipas-el-peligro-de-la-au.webp","width":1200,"height":675},{"@type":"BreadcrumbList","@id":"https:\/\/periodicoelavante.com\/index.php\/2026\/02\/05\/automedicacion-en-tamaulipas-riesgo-social-y-salud\/#breadcrumb","itemListElement":[{"@type":"ListItem","position":1,"name":"Portada","item":"https:\/\/periodicoelavante.com\/"},{"@type":"ListItem","position":2,"name":"Automedicaci\u00f3n en Tamaulipas: Riesgo Social y Salud"}]},{"@type":"WebSite","@id":"https:\/\/periodicoelavante.com\/#website","url":"https:\/\/periodicoelavante.com\/","name":"Peri\u00f3dico El Avante","description":"","publisher":{"@id":"https:\/\/periodicoelavante.com\/#organization"},"potentialAction":[{"@type":"SearchAction","target":{"@type":"EntryPoint","urlTemplate":"https:\/\/periodicoelavante.com\/?s={search_term_string}"},"query-input":{"@type":"PropertyValueSpecification","valueRequired":true,"valueName":"search_term_string"}}],"inLanguage":"es"},{"@type":"Organization","@id":"https:\/\/periodicoelavante.com\/#organization","name":"Peri\u00f3dico El Avante","url":"https:\/\/periodicoelavante.com\/","logo":{"@type":"ImageObject","inLanguage":"es","@id":"https:\/\/periodicoelavante.com\/#\/schema\/logo\/image\/","url":"https:\/\/periodicoelavante.com\/wp-content\/uploads\/2026\/01\/cropped-logo-Trad-El-Avante-png.png","contentUrl":"https:\/\/periodicoelavante.com\/wp-content\/uploads\/2026\/01\/cropped-logo-Trad-El-Avante-png.png","width":714,"height":267,"caption":"Peri\u00f3dico El Avante"},"image":{"@id":"https:\/\/periodicoelavante.com\/#\/schema\/logo\/image\/"}},{"@type":"Person","@id":"https:\/\/periodicoelavante.com\/#\/schema\/person\/dcd7dfcd62a2834828a29aad28da5ca9","name":"Periodico El Avante","image":{"@type":"ImageObject","inLanguage":"es","@id":"https:\/\/periodicoelavante.com\/#\/schema\/person\/image\/","url":"https:\/\/secure.gravatar.com\/avatar\/3e4c25af06e8e2aa013bee6b51f53a2a7a64c2c1fdc43094a8433a702524917d?s=96&d=mm&r=g","contentUrl":"https:\/\/secure.gravatar.com\/avatar\/3e4c25af06e8e2aa013bee6b51f53a2a7a64c2c1fdc43094a8433a702524917d?s=96&d=mm&r=g","caption":"Periodico El Avante"},"url":"https:\/\/periodicoelavante.com\/index.php\/author\/redaccioneditorial\/"}]}},"_links":{"self":[{"href":"https:\/\/periodicoelavante.com\/index.php\/wp-json\/wp\/v2\/posts\/2581","targetHints":{"allow":["GET"]}}],"collection":[{"href":"https:\/\/periodicoelavante.com\/index.php\/wp-json\/wp\/v2\/posts"}],"about":[{"href":"https:\/\/periodicoelavante.com\/index.php\/wp-json\/wp\/v2\/types\/post"}],"author":[{"embeddable":true,"href":"https:\/\/periodicoelavante.com\/index.php\/wp-json\/wp\/v2\/users\/2"}],"replies":[{"embeddable":true,"href":"https:\/\/periodicoelavante.com\/index.php\/wp-json\/wp\/v2\/comments?post=2581"}],"version-history":[{"count":0,"href":"https:\/\/periodicoelavante.com\/index.php\/wp-json\/wp\/v2\/posts\/2581\/revisions"}],"wp:featuredmedia":[{"embeddable":true,"href":"https:\/\/periodicoelavante.com\/index.php\/wp-json\/wp\/v2\/media\/2580"}],"wp:attachment":[{"href":"https:\/\/periodicoelavante.com\/index.php\/wp-json\/wp\/v2\/media?parent=2581"}],"wp:term":[{"taxonomy":"category","embeddable":true,"href":"https:\/\/periodicoelavante.com\/index.php\/wp-json\/wp\/v2\/categories?post=2581"},{"taxonomy":"post_tag","embeddable":true,"href":"https:\/\/periodicoelavante.com\/index.php\/wp-json\/wp\/v2\/tags?post=2581"}],"curies":[{"name":"wp","href":"https:\/\/api.w.org\/{rel}","templated":true}]}}