{"id":3211,"date":"2026-02-10T01:03:43","date_gmt":"2026-02-10T01:03:43","guid":{"rendered":"https:\/\/periodicoelavante.com\/index.php\/2026\/02\/10\/sheinbaum-mas-escoltas-prioridad-o-necesidad\/"},"modified":"2026-02-10T01:03:43","modified_gmt":"2026-02-10T01:03:43","slug":"sheinbaum-mas-escoltas-prioridad-o-necesidad","status":"publish","type":"post","link":"https:\/\/periodicoelavante.com\/index.php\/2026\/02\/10\/sheinbaum-mas-escoltas-prioridad-o-necesidad\/","title":{"rendered":"Sheinbaum: M\u00e1s escoltas, \u00bfprioridad o necesidad?"},"content":{"rendered":"<p>La reciente informaci\u00f3n sobre el aumento en el n\u00famero de escoltas asignadas a Claudia Sheinbaum durante su gesti\u00f3n como Jefa de Gobierno de la Ciudad de M\u00e9xico, en comparaci\u00f3n con las asignadas al Presidente Andr\u00e9s Manuel L\u00f3pez Obrador, ha generado un debate p\u00fablico significativo. Este an\u00e1lisis busca desentra\u00f1ar las posibles razones detr\u00e1s de esta disparidad, considerando factores como el contexto de seguridad en la capital, las diferencias en los roles y responsabilidades de ambos funcionarios, y las implicaciones sociales de estas decisiones.<\/p>\n<p>Es fundamental considerar el entorno de seguridad espec\u00edfico de la Ciudad de M\u00e9xico. La capital del pa\u00eds enfrenta desaf\u00edos particulares en materia de delincuencia, incluyendo altos \u00edndices de criminalidad organizada y violencia. En este contexto, la asignaci\u00f3n de un mayor n\u00famero de elementos de seguridad podr\u00eda interpretarse como una medida preventiva para garantizar la integridad f\u00edsica de la Jefa de Gobierno y permitirle desempe\u00f1ar sus funciones de manera efectiva. Sin embargo, esta justificaci\u00f3n debe ser analizada cr\u00edticamente.<\/p>\n<p>Por otro lado, es crucial reconocer las diferencias inherentes entre los roles y responsabilidades de un Jefe de Gobierno y un Presidente. El Presidente de la Rep\u00fablica, por su investidura y funciones, suele contar con un esquema de seguridad robusto y protocolario, aunque en el caso de L\u00f3pez Obrador, este esquema ha sido deliberadamente reducido como parte de su pol\u00edtica de austeridad. La Jefa de Gobierno, en cambio, se enfrenta a un entorno operativo m\u00e1s directo en la gesti\u00f3n de la seguridad p\u00fablica a nivel local, lo que podr\u00eda justificar una mayor necesidad de protecci\u00f3n personal.<\/p>\n<p>No obstante, el aumento en el n\u00famero de escoltas tambi\u00e9n plantea interrogantes sobre la percepci\u00f3n de la seguridad en la Ciudad de M\u00e9xico. \u00bfRefleja una evaluaci\u00f3n objetiva de riesgos o una respuesta a presiones pol\u00edticas y medi\u00e1ticas? \u00bfContrasta con el discurso oficial sobre la reducci\u00f3n de la delincuencia y la mejora de la seguridad p\u00fablica? Estas preguntas son cruciales para entender las implicaciones sociales de esta decisi\u00f3n, especialmente en un contexto donde la desigualdad y la percepci\u00f3n de inseguridad son temas sensibles.<\/p>\n<p>En conclusi\u00f3n, la disparidad en el n\u00famero de escoltas asignadas a Sheinbaum y L\u00f3pez Obrador es un fen\u00f3meno complejo que requiere un an\u00e1lisis multidimensional. Si bien las consideraciones de seguridad y las diferencias en los roles pueden justificar parcialmente esta diferencia, es fundamental evaluar cr\u00edticamente las implicaciones sociales y pol\u00edticas de esta decisi\u00f3n, as\u00ed como su coherencia con la narrativa oficial sobre la seguridad p\u00fablica en la Ciudad de M\u00e9xico. Un debate p\u00fablico informado y transparente es esencial para asegurar la rendici\u00f3n de cuentas y la toma de decisiones responsables en materia de seguridad.<\/p>\n<p>AAA.CAJ.<\/p>\n<p><script type=\"application\/ld+json\">\n{\"@context\": \"https:\/\/schema.org\", \"@type\": \"NewsArticle\", \"headline\": \"Sheinbaum: M\u00e1s escoltas, \u00bfprioridad o necesidad?\", \"image\": [\"https:\/\/periodicoelavante.com\/wp-content\/uploads\/2026\/02\/en-un-ano-sheinbaum-asigno-mas-escoltas-que-lopez.webp\"], \"datePublished\": \"2026-02-10T01:03:39.978812\", \"author\": { \"@type\": \"Person\", \"name\": \"Jairo Ibarra\" } }\n<\/script><\/p>\n","protected":false},"excerpt":{"rendered":"<p>An\u00e1lisis de la asignaci\u00f3n de escoltas a Sheinbaum vs. L\u00f3pez Obrador: \u00bfprioridad de seguridad o se\u00f1al de inseguridad en la CDMX? Implicaciones sociales y pol\u00edticas.<\/p>\n","protected":false},"author":2,"featured_media":3210,"comment_status":"open","ping_status":"closed","sticky":false,"template":"","format":"standard","meta":{"colormag_page_container_layout":"default_layout","colormag_page_sidebar_layout":"default_layout","footnotes":""},"categories":[1],"tags":[],"class_list":["post-3211","post","type-post","status-publish","format-standard","has-post-thumbnail","hentry","category-uncategorized"],"yoast_head":"<!-- This site is optimized with the Yoast SEO plugin v26.7 - https:\/\/yoast.com\/wordpress\/plugins\/seo\/ -->\n<title>Sheinbaum: M\u00e1s escoltas, \u00bfprioridad o necesidad? - Peri\u00f3dico El Avante<\/title>\n<meta name=\"robots\" content=\"index, follow, max-snippet:-1, max-image-preview:large, max-video-preview:-1\" \/>\n<link rel=\"canonical\" href=\"https:\/\/periodicoelavante.com\/index.php\/2026\/02\/10\/sheinbaum-mas-escoltas-prioridad-o-necesidad\/\" \/>\n<meta property=\"og:locale\" content=\"es_ES\" \/>\n<meta property=\"og:type\" content=\"article\" \/>\n<meta property=\"og:title\" content=\"Sheinbaum: M\u00e1s escoltas, \u00bfprioridad o necesidad? - Peri\u00f3dico El Avante\" \/>\n<meta property=\"og:description\" content=\"An\u00e1lisis de la asignaci\u00f3n de escoltas a Sheinbaum vs. L\u00f3pez Obrador: \u00bfprioridad de seguridad o se\u00f1al de inseguridad en la CDMX? Implicaciones sociales y pol\u00edticas.\" \/>\n<meta property=\"og:url\" content=\"https:\/\/periodicoelavante.com\/index.php\/2026\/02\/10\/sheinbaum-mas-escoltas-prioridad-o-necesidad\/\" \/>\n<meta property=\"og:site_name\" content=\"Peri\u00f3dico El Avante\" \/>\n<meta property=\"article:published_time\" content=\"2026-02-10T01:03:43+00:00\" \/>\n<meta name=\"author\" content=\"Periodico El Avante\" \/>\n<meta name=\"twitter:card\" content=\"summary_large_image\" \/>\n<meta name=\"twitter:label1\" content=\"Escrito por\" \/>\n\t<meta name=\"twitter:data1\" content=\"Periodico El Avante\" \/>\n\t<meta name=\"twitter:label2\" content=\"Tiempo de lectura\" \/>\n\t<meta name=\"twitter:data2\" content=\"2 minutos\" \/>\n<script type=\"application\/ld+json\" class=\"yoast-schema-graph\">{\"@context\":\"https:\/\/schema.org\",\"@graph\":[{\"@type\":\"Article\",\"@id\":\"https:\/\/periodicoelavante.com\/index.php\/2026\/02\/10\/sheinbaum-mas-escoltas-prioridad-o-necesidad\/#article\",\"isPartOf\":{\"@id\":\"https:\/\/periodicoelavante.com\/index.php\/2026\/02\/10\/sheinbaum-mas-escoltas-prioridad-o-necesidad\/\"},\"author\":{\"name\":\"Periodico El Avante\",\"@id\":\"https:\/\/periodicoelavante.com\/#\/schema\/person\/dcd7dfcd62a2834828a29aad28da5ca9\"},\"headline\":\"Sheinbaum: M\u00e1s escoltas, \u00bfprioridad o necesidad?\",\"datePublished\":\"2026-02-10T01:03:43+00:00\",\"mainEntityOfPage\":{\"@id\":\"https:\/\/periodicoelavante.com\/index.php\/2026\/02\/10\/sheinbaum-mas-escoltas-prioridad-o-necesidad\/\"},\"wordCount\":493,\"commentCount\":0,\"publisher\":{\"@id\":\"https:\/\/periodicoelavante.com\/#organization\"},\"image\":{\"@id\":\"https:\/\/periodicoelavante.com\/index.php\/2026\/02\/10\/sheinbaum-mas-escoltas-prioridad-o-necesidad\/#primaryimage\"},\"thumbnailUrl\":\"https:\/\/periodicoelavante.com\/wp-content\/uploads\/2026\/02\/en-un-ano-sheinbaum-asigno-mas-escoltas-que-lopez.webp\",\"articleSection\":[\"Uncategorized\"],\"inLanguage\":\"es\",\"potentialAction\":[{\"@type\":\"CommentAction\",\"name\":\"Comment\",\"target\":[\"https:\/\/periodicoelavante.com\/index.php\/2026\/02\/10\/sheinbaum-mas-escoltas-prioridad-o-necesidad\/#respond\"]}]},{\"@type\":\"WebPage\",\"@id\":\"https:\/\/periodicoelavante.com\/index.php\/2026\/02\/10\/sheinbaum-mas-escoltas-prioridad-o-necesidad\/\",\"url\":\"https:\/\/periodicoelavante.com\/index.php\/2026\/02\/10\/sheinbaum-mas-escoltas-prioridad-o-necesidad\/\",\"name\":\"Sheinbaum: M\u00e1s escoltas, \u00bfprioridad o necesidad? - Peri\u00f3dico El Avante\",\"isPartOf\":{\"@id\":\"https:\/\/periodicoelavante.com\/#website\"},\"primaryImageOfPage\":{\"@id\":\"https:\/\/periodicoelavante.com\/index.php\/2026\/02\/10\/sheinbaum-mas-escoltas-prioridad-o-necesidad\/#primaryimage\"},\"image\":{\"@id\":\"https:\/\/periodicoelavante.com\/index.php\/2026\/02\/10\/sheinbaum-mas-escoltas-prioridad-o-necesidad\/#primaryimage\"},\"thumbnailUrl\":\"https:\/\/periodicoelavante.com\/wp-content\/uploads\/2026\/02\/en-un-ano-sheinbaum-asigno-mas-escoltas-que-lopez.webp\",\"datePublished\":\"2026-02-10T01:03:43+00:00\",\"breadcrumb\":{\"@id\":\"https:\/\/periodicoelavante.com\/index.php\/2026\/02\/10\/sheinbaum-mas-escoltas-prioridad-o-necesidad\/#breadcrumb\"},\"inLanguage\":\"es\",\"potentialAction\":[{\"@type\":\"ReadAction\",\"target\":[\"https:\/\/periodicoelavante.com\/index.php\/2026\/02\/10\/sheinbaum-mas-escoltas-prioridad-o-necesidad\/\"]}]},{\"@type\":\"ImageObject\",\"inLanguage\":\"es\",\"@id\":\"https:\/\/periodicoelavante.com\/index.php\/2026\/02\/10\/sheinbaum-mas-escoltas-prioridad-o-necesidad\/#primaryimage\",\"url\":\"https:\/\/periodicoelavante.com\/wp-content\/uploads\/2026\/02\/en-un-ano-sheinbaum-asigno-mas-escoltas-que-lopez.webp\",\"contentUrl\":\"https:\/\/periodicoelavante.com\/wp-content\/uploads\/2026\/02\/en-un-ano-sheinbaum-asigno-mas-escoltas-que-lopez.webp\",\"width\":1200,\"height\":675},{\"@type\":\"BreadcrumbList\",\"@id\":\"https:\/\/periodicoelavante.com\/index.php\/2026\/02\/10\/sheinbaum-mas-escoltas-prioridad-o-necesidad\/#breadcrumb\",\"itemListElement\":[{\"@type\":\"ListItem\",\"position\":1,\"name\":\"Portada\",\"item\":\"https:\/\/periodicoelavante.com\/\"},{\"@type\":\"ListItem\",\"position\":2,\"name\":\"Sheinbaum: M\u00e1s escoltas, \u00bfprioridad o necesidad?\"}]},{\"@type\":\"WebSite\",\"@id\":\"https:\/\/periodicoelavante.com\/#website\",\"url\":\"https:\/\/periodicoelavante.com\/\",\"name\":\"Peri\u00f3dico El Avante\",\"description\":\"\",\"publisher\":{\"@id\":\"https:\/\/periodicoelavante.com\/#organization\"},\"potentialAction\":[{\"@type\":\"SearchAction\",\"target\":{\"@type\":\"EntryPoint\",\"urlTemplate\":\"https:\/\/periodicoelavante.com\/?s={search_term_string}\"},\"query-input\":{\"@type\":\"PropertyValueSpecification\",\"valueRequired\":true,\"valueName\":\"search_term_string\"}}],\"inLanguage\":\"es\"},{\"@type\":\"Organization\",\"@id\":\"https:\/\/periodicoelavante.com\/#organization\",\"name\":\"Peri\u00f3dico El Avante\",\"url\":\"https:\/\/periodicoelavante.com\/\",\"logo\":{\"@type\":\"ImageObject\",\"inLanguage\":\"es\",\"@id\":\"https:\/\/periodicoelavante.com\/#\/schema\/logo\/image\/\",\"url\":\"https:\/\/periodicoelavante.com\/wp-content\/uploads\/2026\/01\/cropped-logo-Trad-El-Avante-png.png\",\"contentUrl\":\"https:\/\/periodicoelavante.com\/wp-content\/uploads\/2026\/01\/cropped-logo-Trad-El-Avante-png.png\",\"width\":714,\"height\":267,\"caption\":\"Peri\u00f3dico El Avante\"},\"image\":{\"@id\":\"https:\/\/periodicoelavante.com\/#\/schema\/logo\/image\/\"}},{\"@type\":\"Person\",\"@id\":\"https:\/\/periodicoelavante.com\/#\/schema\/person\/dcd7dfcd62a2834828a29aad28da5ca9\",\"name\":\"Periodico El Avante\",\"image\":{\"@type\":\"ImageObject\",\"inLanguage\":\"es\",\"@id\":\"https:\/\/periodicoelavante.com\/#\/schema\/person\/image\/\",\"url\":\"https:\/\/secure.gravatar.com\/avatar\/3e4c25af06e8e2aa013bee6b51f53a2a7a64c2c1fdc43094a8433a702524917d?s=96&d=mm&r=g\",\"contentUrl\":\"https:\/\/secure.gravatar.com\/avatar\/3e4c25af06e8e2aa013bee6b51f53a2a7a64c2c1fdc43094a8433a702524917d?s=96&d=mm&r=g\",\"caption\":\"Periodico El Avante\"},\"url\":\"https:\/\/periodicoelavante.com\/index.php\/author\/redaccioneditorial\/\"}]}<\/script>\n<!-- \/ Yoast SEO plugin. -->","yoast_head_json":{"title":"Sheinbaum: M\u00e1s escoltas, \u00bfprioridad o necesidad? - Peri\u00f3dico El Avante","robots":{"index":"index","follow":"follow","max-snippet":"max-snippet:-1","max-image-preview":"max-image-preview:large","max-video-preview":"max-video-preview:-1"},"canonical":"https:\/\/periodicoelavante.com\/index.php\/2026\/02\/10\/sheinbaum-mas-escoltas-prioridad-o-necesidad\/","og_locale":"es_ES","og_type":"article","og_title":"Sheinbaum: M\u00e1s escoltas, \u00bfprioridad o necesidad? - Peri\u00f3dico El Avante","og_description":"An\u00e1lisis de la asignaci\u00f3n de escoltas a Sheinbaum vs. L\u00f3pez Obrador: \u00bfprioridad de seguridad o se\u00f1al de inseguridad en la CDMX? Implicaciones sociales y pol\u00edticas.","og_url":"https:\/\/periodicoelavante.com\/index.php\/2026\/02\/10\/sheinbaum-mas-escoltas-prioridad-o-necesidad\/","og_site_name":"Peri\u00f3dico El Avante","article_published_time":"2026-02-10T01:03:43+00:00","author":"Periodico El Avante","twitter_card":"summary_large_image","twitter_misc":{"Escrito por":"Periodico El Avante","Tiempo de lectura":"2 minutos"},"schema":{"@context":"https:\/\/schema.org","@graph":[{"@type":"Article","@id":"https:\/\/periodicoelavante.com\/index.php\/2026\/02\/10\/sheinbaum-mas-escoltas-prioridad-o-necesidad\/#article","isPartOf":{"@id":"https:\/\/periodicoelavante.com\/index.php\/2026\/02\/10\/sheinbaum-mas-escoltas-prioridad-o-necesidad\/"},"author":{"name":"Periodico El Avante","@id":"https:\/\/periodicoelavante.com\/#\/schema\/person\/dcd7dfcd62a2834828a29aad28da5ca9"},"headline":"Sheinbaum: M\u00e1s escoltas, \u00bfprioridad o necesidad?","datePublished":"2026-02-10T01:03:43+00:00","mainEntityOfPage":{"@id":"https:\/\/periodicoelavante.com\/index.php\/2026\/02\/10\/sheinbaum-mas-escoltas-prioridad-o-necesidad\/"},"wordCount":493,"commentCount":0,"publisher":{"@id":"https:\/\/periodicoelavante.com\/#organization"},"image":{"@id":"https:\/\/periodicoelavante.com\/index.php\/2026\/02\/10\/sheinbaum-mas-escoltas-prioridad-o-necesidad\/#primaryimage"},"thumbnailUrl":"https:\/\/periodicoelavante.com\/wp-content\/uploads\/2026\/02\/en-un-ano-sheinbaum-asigno-mas-escoltas-que-lopez.webp","articleSection":["Uncategorized"],"inLanguage":"es","potentialAction":[{"@type":"CommentAction","name":"Comment","target":["https:\/\/periodicoelavante.com\/index.php\/2026\/02\/10\/sheinbaum-mas-escoltas-prioridad-o-necesidad\/#respond"]}]},{"@type":"WebPage","@id":"https:\/\/periodicoelavante.com\/index.php\/2026\/02\/10\/sheinbaum-mas-escoltas-prioridad-o-necesidad\/","url":"https:\/\/periodicoelavante.com\/index.php\/2026\/02\/10\/sheinbaum-mas-escoltas-prioridad-o-necesidad\/","name":"Sheinbaum: M\u00e1s escoltas, \u00bfprioridad o necesidad? - Peri\u00f3dico El Avante","isPartOf":{"@id":"https:\/\/periodicoelavante.com\/#website"},"primaryImageOfPage":{"@id":"https:\/\/periodicoelavante.com\/index.php\/2026\/02\/10\/sheinbaum-mas-escoltas-prioridad-o-necesidad\/#primaryimage"},"image":{"@id":"https:\/\/periodicoelavante.com\/index.php\/2026\/02\/10\/sheinbaum-mas-escoltas-prioridad-o-necesidad\/#primaryimage"},"thumbnailUrl":"https:\/\/periodicoelavante.com\/wp-content\/uploads\/2026\/02\/en-un-ano-sheinbaum-asigno-mas-escoltas-que-lopez.webp","datePublished":"2026-02-10T01:03:43+00:00","breadcrumb":{"@id":"https:\/\/periodicoelavante.com\/index.php\/2026\/02\/10\/sheinbaum-mas-escoltas-prioridad-o-necesidad\/#breadcrumb"},"inLanguage":"es","potentialAction":[{"@type":"ReadAction","target":["https:\/\/periodicoelavante.com\/index.php\/2026\/02\/10\/sheinbaum-mas-escoltas-prioridad-o-necesidad\/"]}]},{"@type":"ImageObject","inLanguage":"es","@id":"https:\/\/periodicoelavante.com\/index.php\/2026\/02\/10\/sheinbaum-mas-escoltas-prioridad-o-necesidad\/#primaryimage","url":"https:\/\/periodicoelavante.com\/wp-content\/uploads\/2026\/02\/en-un-ano-sheinbaum-asigno-mas-escoltas-que-lopez.webp","contentUrl":"https:\/\/periodicoelavante.com\/wp-content\/uploads\/2026\/02\/en-un-ano-sheinbaum-asigno-mas-escoltas-que-lopez.webp","width":1200,"height":675},{"@type":"BreadcrumbList","@id":"https:\/\/periodicoelavante.com\/index.php\/2026\/02\/10\/sheinbaum-mas-escoltas-prioridad-o-necesidad\/#breadcrumb","itemListElement":[{"@type":"ListItem","position":1,"name":"Portada","item":"https:\/\/periodicoelavante.com\/"},{"@type":"ListItem","position":2,"name":"Sheinbaum: M\u00e1s escoltas, \u00bfprioridad o necesidad?"}]},{"@type":"WebSite","@id":"https:\/\/periodicoelavante.com\/#website","url":"https:\/\/periodicoelavante.com\/","name":"Peri\u00f3dico El Avante","description":"","publisher":{"@id":"https:\/\/periodicoelavante.com\/#organization"},"potentialAction":[{"@type":"SearchAction","target":{"@type":"EntryPoint","urlTemplate":"https:\/\/periodicoelavante.com\/?s={search_term_string}"},"query-input":{"@type":"PropertyValueSpecification","valueRequired":true,"valueName":"search_term_string"}}],"inLanguage":"es"},{"@type":"Organization","@id":"https:\/\/periodicoelavante.com\/#organization","name":"Peri\u00f3dico El Avante","url":"https:\/\/periodicoelavante.com\/","logo":{"@type":"ImageObject","inLanguage":"es","@id":"https:\/\/periodicoelavante.com\/#\/schema\/logo\/image\/","url":"https:\/\/periodicoelavante.com\/wp-content\/uploads\/2026\/01\/cropped-logo-Trad-El-Avante-png.png","contentUrl":"https:\/\/periodicoelavante.com\/wp-content\/uploads\/2026\/01\/cropped-logo-Trad-El-Avante-png.png","width":714,"height":267,"caption":"Peri\u00f3dico El Avante"},"image":{"@id":"https:\/\/periodicoelavante.com\/#\/schema\/logo\/image\/"}},{"@type":"Person","@id":"https:\/\/periodicoelavante.com\/#\/schema\/person\/dcd7dfcd62a2834828a29aad28da5ca9","name":"Periodico El Avante","image":{"@type":"ImageObject","inLanguage":"es","@id":"https:\/\/periodicoelavante.com\/#\/schema\/person\/image\/","url":"https:\/\/secure.gravatar.com\/avatar\/3e4c25af06e8e2aa013bee6b51f53a2a7a64c2c1fdc43094a8433a702524917d?s=96&d=mm&r=g","contentUrl":"https:\/\/secure.gravatar.com\/avatar\/3e4c25af06e8e2aa013bee6b51f53a2a7a64c2c1fdc43094a8433a702524917d?s=96&d=mm&r=g","caption":"Periodico El Avante"},"url":"https:\/\/periodicoelavante.com\/index.php\/author\/redaccioneditorial\/"}]}},"_links":{"self":[{"href":"https:\/\/periodicoelavante.com\/index.php\/wp-json\/wp\/v2\/posts\/3211","targetHints":{"allow":["GET"]}}],"collection":[{"href":"https:\/\/periodicoelavante.com\/index.php\/wp-json\/wp\/v2\/posts"}],"about":[{"href":"https:\/\/periodicoelavante.com\/index.php\/wp-json\/wp\/v2\/types\/post"}],"author":[{"embeddable":true,"href":"https:\/\/periodicoelavante.com\/index.php\/wp-json\/wp\/v2\/users\/2"}],"replies":[{"embeddable":true,"href":"https:\/\/periodicoelavante.com\/index.php\/wp-json\/wp\/v2\/comments?post=3211"}],"version-history":[{"count":0,"href":"https:\/\/periodicoelavante.com\/index.php\/wp-json\/wp\/v2\/posts\/3211\/revisions"}],"wp:featuredmedia":[{"embeddable":true,"href":"https:\/\/periodicoelavante.com\/index.php\/wp-json\/wp\/v2\/media\/3210"}],"wp:attachment":[{"href":"https:\/\/periodicoelavante.com\/index.php\/wp-json\/wp\/v2\/media?parent=3211"}],"wp:term":[{"taxonomy":"category","embeddable":true,"href":"https:\/\/periodicoelavante.com\/index.php\/wp-json\/wp\/v2\/categories?post=3211"},{"taxonomy":"post_tag","embeddable":true,"href":"https:\/\/periodicoelavante.com\/index.php\/wp-json\/wp\/v2\/tags?post=3211"}],"curies":[{"name":"wp","href":"https:\/\/api.w.org\/{rel}","templated":true}]}}